{"id":28903,"date":"2026-04-28T09:16:43","date_gmt":"2026-04-28T07:16:43","guid":{"rendered":"https:\/\/fsi-edu.net\/?p=28903"},"modified":"2026-04-28T09:17:29","modified_gmt":"2026-04-28T07:17:29","slug":"ftese-4","status":"publish","type":"post","link":"https:\/\/fsi-edu.net\/en\/ftese-4\/","title":{"rendered":"FTES\u00cb!"},"content":{"rendered":"<p>Fakulteti i Studimeve Islame ka k\u00ebnaq\u00ebsin\u00eb t\u2019ju ftoj\u00eb n\u00eb seminarin e organizuar nga student\u00ebt, me tem\u00eb:<\/p>\n\n\n\n<p>\u201cN\u00eb sh\u00ebrbim t\u00eb fes\u00eb dhe kombit \u2013 Kontributi i Hfz. Ali Kor\u00e7\u00ebs dhe Vehbi Ismailit\u201d<\/p>\n\n\n\n<p>Ky aktivitet synon t\u00eb sjell\u00eb n\u00eb v\u00ebmendje rolin dhe kontributin e dy figurave t\u00eb shquara n\u00eb sh\u00ebrbim t\u00eb fes\u00eb dhe shoq\u00ebris\u00eb.<\/p>\n\n\n\n<p>Jeni t\u00eb mir\u00ebseardhur t\u00eb merrni pjes\u00eb!<\/p>\n\n\n\n<figure class=\"wp-block-gallery has-nested-images columns-default is-cropped wp-block-gallery-1 is-layout-flex wp-block-gallery-is-layout-flex\">\n<figure class=\"wp-block-image size-large\"><img decoding=\"async\" width=\"1024\" height=\"576\" data-id=\"28905\" src=\"https:\/\/fsi-edu.net\/wp-content\/uploads\/2026\/04\/Amira-Osmani.pdf-1_page-0001-1-1024x576.jpg\" alt=\"\" class=\"wp-image-28905\" srcset=\"https:\/\/fsi-edu.net\/wp-content\/uploads\/2026\/04\/Amira-Osmani.pdf-1_page-0001-1-1024x576.jpg 1024w, https:\/\/fsi-edu.net\/wp-content\/uploads\/2026\/04\/Amira-Osmani.pdf-1_page-0001-1-300x169.jpg 300w, https:\/\/fsi-edu.net\/wp-content\/uploads\/2026\/04\/Amira-Osmani.pdf-1_page-0001-1-768x432.jpg 768w, https:\/\/fsi-edu.net\/wp-content\/uploads\/2026\/04\/Amira-Osmani.pdf-1_page-0001-1-1536x864.jpg 1536w, https:\/\/fsi-edu.net\/wp-content\/uploads\/2026\/04\/Amira-Osmani.pdf-1_page-0001-1-2048x1152.jpg 2048w, https:\/\/fsi-edu.net\/wp-content\/uploads\/2026\/04\/Amira-Osmani.pdf-1_page-0001-1-18x10.jpg 18w, https:\/\/fsi-edu.net\/wp-content\/uploads\/2026\/04\/Amira-Osmani.pdf-1_page-0001-1-550x309.jpg 550w\" sizes=\"(max-width: 1024px) 100vw, 1024px\" \/><\/figure>\n<\/figure>","protected":false},"excerpt":{"rendered":"<p>Fakulteti i Studimeve Islame ka k\u00ebnaq\u00ebsin\u00eb t\u2019ju ftoj\u00eb n\u00eb seminarin e organizuar nga student\u00ebt, me tem\u00eb: \u201cN\u00eb sh\u00ebrbim t\u00eb fes\u00eb dhe kombit \u2013 Kontributi i Hfz. Ali Kor\u00e7\u00ebs dhe Vehbi Ismailit\u201d Ky aktivitet synon t\u00eb<\/p>","protected":false},"author":3,"featured_media":28906,"comment_status":"closed","ping_status":"open","sticky":false,"template":"","format":"standard","meta":{"footnotes":""},"categories":[68],"tags":[],"class_list":["post-28903","post","type-post","status-publish","format-standard","has-post-thumbnail","hentry","category-lajme"],"_links":{"self":[{"href":"https:\/\/fsi-edu.net\/en\/wp-json\/wp\/v2\/posts\/28903","targetHints":{"allow":["GET"]}}],"collection":[{"href":"https:\/\/fsi-edu.net\/en\/wp-json\/wp\/v2\/posts"}],"about":[{"href":"https:\/\/fsi-edu.net\/en\/wp-json\/wp\/v2\/types\/post"}],"author":[{"embeddable":true,"href":"https:\/\/fsi-edu.net\/en\/wp-json\/wp\/v2\/users\/3"}],"replies":[{"embeddable":true,"href":"https:\/\/fsi-edu.net\/en\/wp-json\/wp\/v2\/comments?post=28903"}],"version-history":[{"count":1,"href":"https:\/\/fsi-edu.net\/en\/wp-json\/wp\/v2\/posts\/28903\/revisions"}],"predecessor-version":[{"id":28907,"href":"https:\/\/fsi-edu.net\/en\/wp-json\/wp\/v2\/posts\/28903\/revisions\/28907"}],"wp:featuredmedia":[{"embeddable":true,"href":"https:\/\/fsi-edu.net\/en\/wp-json\/wp\/v2\/media\/28906"}],"wp:attachment":[{"href":"https:\/\/fsi-edu.net\/en\/wp-json\/wp\/v2\/media?parent=28903"}],"wp:term":[{"taxonomy":"category","embeddable":true,"href":"https:\/\/fsi-edu.net\/en\/wp-json\/wp\/v2\/categories?post=28903"},{"taxonomy":"post_tag","embeddable":true,"href":"https:\/\/fsi-edu.net\/en\/wp-json\/wp\/v2\/tags?post=28903"}],"curies":[{"name":"wp","href":"https:\/\/api.w.org\/{rel}","templated":true}]}}